{"id":224,"date":"2020-06-12T00:14:32","date_gmt":"2020-06-12T05:14:32","guid":{"rendered":"https:\/\/www.negociosuraba.com\/blog\/?p=224"},"modified":"2020-06-12T00:16:44","modified_gmt":"2020-06-12T05:16:44","slug":"tomar-buenas-fotos-de-productos","status":"publish","type":"post","link":"https:\/\/www.negociosuraba.com\/blog\/2020\/06\/12\/tomar-buenas-fotos-de-productos\/","title":{"rendered":"Tomar buenas fotos de productos"},"content":{"rendered":"\n<p>Es muy grato anunciarles a nuestros empresarios que Iniciamos una campa\u00f1a para <strong><em>ayudar a promover sus <\/em><\/strong><a href=\"https:\/\/www.negociosuraba.com\/web\/productos\"><strong><em>productos<\/em><\/strong><\/a> para que aprovechen <em><strong>los <\/strong><\/em><a rel=\"noreferrer noopener\" aria-label=\"d\u00edas Sin Iva (opens in a new tab)\" href=\"https:\/\/id.presidencia.gov.co\/Paginas\/prensa\/2020\/Gobierno-confirma-que-los-tres-dias-sin-IVA-se-realizaran-el-19-de-junio-y-el-3-y-19-de-julio-en-todo-el-pais-200518.aspx\" target=\"_blank\"><em><strong>d\u00edas Sin Iva<\/strong><\/em><\/a>, el cual se espera que se van a disparar las ventas de productos de primera necesidad, <a rel=\"noreferrer noopener\" aria-label=\"muebles para el hogar (opens in a new tab)\" href=\"https:\/\/www.negociosuraba.com\/web\/empresas\/resultados?EmpresasSearch%5Bmetatags%5D=&amp;EmpresasSearch%5Bmunicipios_idmunicipios%5D=&amp;EmpresasSearch%5Bcategorias_id%5D=102\" target=\"_blank\">muebles para el hogar<\/a>, <a rel=\"noreferrer noopener\" aria-label=\"moviles (opens in a new tab)\" href=\"https:\/\/www.negociosuraba.com\/web\/empresas\/resultados?EmpresasSearch%5Bmetatags%5D=&amp;EmpresasSearch%5Bmunicipios_idmunicipios%5D=&amp;EmpresasSearch%5Bcategorias_id%5D=66\" target=\"_blank\">m\u00f3viles<\/a>, <a rel=\"noreferrer noopener\" aria-label=\"alimentos y bebidas (opens in a new tab)\" href=\"https:\/\/www.negociosuraba.com\/web\/categorias\/alimentos_y_bebidas\" target=\"_blank\">alimentos y bebidas<\/a>, <a rel=\"noreferrer noopener\" aria-label=\"veh\u00edculos y automotores (opens in a new tab)\" href=\"https:\/\/www.negociosuraba.com\/web\/categorias\/vehiculos_y_automotores\" target=\"_blank\">veh\u00edculos y automotores<\/a>, electrodom\u00e9sticos, <a rel=\"noreferrer noopener\" aria-label=\"ropa (opens in a new tab)\" href=\"https:\/\/www.negociosuraba.com\/web\/categorias\/ropa\" target=\"_blank\">ropa<\/a> , entre otros.  <br>Lo que se busca con este incentivo es que tengamos la adquisici\u00f3n de esos bienes, ya sea por v\u00eda electr\u00f3nica o v\u00eda presencial, obviamente con todos los protocolos, con el fin de que haya una reactivaci\u00f3n del comercio en el pa\u00eds y que los colombianos puedan adquirir los productos que requieren sin el cobro de este impuesto. <\/p>\n\n\n\n<p>El gobierno confirma que los <a href=\"https:\/\/id.presidencia.gov.co\/Paginas\/prensa\/2020\/Gobierno-confirma-que-los-tres-dias-sin-IVA-se-realizaran-el-19-de-junio-y-el-3-y-19-de-julio-en-todo-el-pais-200518.aspx\" target=\"_blank\" rel=\"noreferrer noopener\" aria-label=\"tres d\u00edas sin IVA (opens in a new tab)\">tres d\u00edas sin IVA<\/a> se realizar\u00e1n el 19 de junio y el 3 y 19 de julio en todo el pa\u00eds.<\/p>\n\n\n\n<blockquote class=\"wp-block-quote is-style-large\"><p>Gracias a esto y viendo las necesidades de algunos de nuestros aliados empresarios que no poseen un E-commerce o sitio donde colocar sus productos.<\/p><\/blockquote>\n\n\n\n<p>Los invitamos a aprender a tomar las im\u00e1genes ganadoras, como en los mejores portales de ventas en linea que hay en la actualidad, y estos les ayudaran a ver mas atractivos sus <a href=\"https:\/\/www.negociosuraba.com\/web\/productos\">productos<\/a>, para esto hemos buscado los mejores <a rel=\"noreferrer noopener\" aria-label=\"v\u00eddeos (opens in a new tab)\" href=\"https:\/\/www.youtube.com\/channel\/UCLhh0PPxs4T_M_-BLphaiCQ\/videos\" target=\"_blank\">v\u00eddeos<\/a> explicativos y caseros para tomar unas buenas fotos. <\/p>\n\n\n\n<p>Luego de tener las fotos de sus productos, deben de <strong><em>subirlos a sus respectivas cuentas<\/em><\/strong> en nuestro portal, (<a href=\"https:\/\/www.negociosuraba.com\/web\/site\/login\">ingresando aqu\u00ed<\/a>), y para <em><strong>los que no est\u00e9n registrados<\/strong><\/em> pueden hacerlo en el bot\u00f3n &#8220;<a href=\"https:\/\/www.negociosuraba.com\/web\/empresas\/registrar\">Registrar Empresa<\/a>&#8220;.<\/p>\n\n\n\n<h2 class=\"wp-block-heading\">Lista de V\u00eddeos de ayuda<\/h2>\n\n\n\n<p>1. V\u00eddeo casero para realizar una buenas fotos con un bajo presupuesto.<\/p>\n\n\n\n<figure class=\"wp-block-embed-youtube wp-block-embed is-type-video is-provider-youtube wp-embed-aspect-16-9 wp-has-aspect-ratio\"><div class=\"wp-block-embed__wrapper\">\n<div class=\"epyt-video-wrapper\"><iframe  id=\"_ytid_13463\"  width=\"480\" height=\"270\"  data-origwidth=\"480\" data-origheight=\"270\" src=\"https:\/\/www.youtube.com\/embed\/mDA4JemSqhQ?enablejsapi=1&#038;autoplay=0&#038;cc_load_policy=0&#038;cc_lang_pref=&#038;iv_load_policy=3&#038;loop=0&#038;rel=0&#038;fs=1&#038;playsinline=0&#038;autohide=2&#038;theme=dark&#038;color=red&#038;controls=1&#038;disablekb=0&#038;\" class=\"__youtube_prefs__  epyt-is-override  no-lazyload\" title=\"YouTube player\"  allow=\"fullscreen; accelerometer; autoplay; clipboard-write; encrypted-media; gyroscope; picture-in-picture; web-share\" referrerpolicy=\"strict-origin-when-cross-origin\" allowfullscreen data-no-lazy=\"1\" data-skipgform_ajax_framebjll=\"\"><\/iframe><\/div>\n<\/div><\/figure>\n\n\n\n<p>2. V\u00eddeo de ayuda de un fot\u00f3grafo profesional de Espa\u00f1a, para tomar buenas fotos con un buena c\u00e1mara fotogr\u00e1fica.<\/p>\n\n\n\n<figure class=\"wp-block-embed-youtube wp-block-embed is-type-video is-provider-youtube wp-embed-aspect-16-9 wp-has-aspect-ratio\"><div class=\"wp-block-embed__wrapper\">\n<div class=\"epyt-video-wrapper\"><iframe  id=\"_ytid_47777\"  width=\"480\" height=\"270\"  data-origwidth=\"480\" data-origheight=\"270\" src=\"https:\/\/www.youtube.com\/embed\/i9UZb78ZKCU?enablejsapi=1&#038;autoplay=0&#038;cc_load_policy=0&#038;cc_lang_pref=&#038;iv_load_policy=3&#038;loop=0&#038;rel=0&#038;fs=1&#038;playsinline=0&#038;autohide=2&#038;theme=dark&#038;color=red&#038;controls=1&#038;disablekb=0&#038;\" class=\"__youtube_prefs__  epyt-is-override  no-lazyload\" title=\"YouTube player\"  allow=\"fullscreen; accelerometer; autoplay; clipboard-write; encrypted-media; gyroscope; picture-in-picture; web-share\" referrerpolicy=\"strict-origin-when-cross-origin\" allowfullscreen data-no-lazy=\"1\" data-skipgform_ajax_framebjll=\"\"><\/iframe><\/div>\n<\/div><\/figure>\n\n\n\n<p>3. V\u00eddeo armando una caja de luz casera.<\/p>\n\n\n\n<figure class=\"wp-block-embed-youtube wp-block-embed is-type-video is-provider-youtube wp-embed-aspect-16-9 wp-has-aspect-ratio\"><div class=\"wp-block-embed__wrapper\">\n<div class=\"epyt-video-wrapper\"><iframe  id=\"_ytid_10424\"  width=\"480\" height=\"270\"  data-origwidth=\"480\" data-origheight=\"270\" src=\"https:\/\/www.youtube.com\/embed\/EPw58oVmWDU?enablejsapi=1&#038;autoplay=0&#038;cc_load_policy=0&#038;cc_lang_pref=&#038;iv_load_policy=3&#038;loop=0&#038;rel=0&#038;fs=1&#038;playsinline=0&#038;autohide=2&#038;theme=dark&#038;color=red&#038;controls=1&#038;disablekb=0&#038;\" class=\"__youtube_prefs__  epyt-is-override  no-lazyload\" title=\"YouTube player\"  allow=\"fullscreen; accelerometer; autoplay; clipboard-write; encrypted-media; gyroscope; picture-in-picture; web-share\" referrerpolicy=\"strict-origin-when-cross-origin\" allowfullscreen data-no-lazy=\"1\" data-skipgform_ajax_framebjll=\"\"><\/iframe><\/div>\n<\/div><\/figure>\n","protected":false},"excerpt":{"rendered":"<p>Es muy grato anunciarles a nuestros empresarios que Iniciamos una campa\u00f1a para ayudar a promover sus productos para que aprovechen los d\u00edas Sin Iva, el cual se espera que se&hellip;<\/p>\n","protected":false},"author":1,"featured_media":227,"comment_status":"closed","ping_status":"open","sticky":false,"template":"","format":"standard","meta":{"content-type":"","om_disable_all_campaigns":false,"_monsterinsights_skip_tracking":false,"_monsterinsights_sitenote_active":false,"_monsterinsights_sitenote_note":"","_monsterinsights_sitenote_category":0,"_uf_show_specific_survey":0,"_uf_disable_surveys":false,"footnotes":"","_joinchat":[]},"categories":[4],"tags":[23,24,26,25],"aioseo_notices":[],"_links":{"self":[{"href":"https:\/\/www.negociosuraba.com\/blog\/wp-json\/wp\/v2\/posts\/224"}],"collection":[{"href":"https:\/\/www.negociosuraba.com\/blog\/wp-json\/wp\/v2\/posts"}],"about":[{"href":"https:\/\/www.negociosuraba.com\/blog\/wp-json\/wp\/v2\/types\/post"}],"author":[{"embeddable":true,"href":"https:\/\/www.negociosuraba.com\/blog\/wp-json\/wp\/v2\/users\/1"}],"replies":[{"embeddable":true,"href":"https:\/\/www.negociosuraba.com\/blog\/wp-json\/wp\/v2\/comments?post=224"}],"version-history":[{"count":5,"href":"https:\/\/www.negociosuraba.com\/blog\/wp-json\/wp\/v2\/posts\/224\/revisions"}],"predecessor-version":[{"id":231,"href":"https:\/\/www.negociosuraba.com\/blog\/wp-json\/wp\/v2\/posts\/224\/revisions\/231"}],"wp:featuredmedia":[{"embeddable":true,"href":"https:\/\/www.negociosuraba.com\/blog\/wp-json\/wp\/v2\/media\/227"}],"wp:attachment":[{"href":"https:\/\/www.negociosuraba.com\/blog\/wp-json\/wp\/v2\/media?parent=224"}],"wp:term":[{"taxonomy":"category","embeddable":true,"href":"https:\/\/www.negociosuraba.com\/blog\/wp-json\/wp\/v2\/categories?post=224"},{"taxonomy":"post_tag","embeddable":true,"href":"https:\/\/www.negociosuraba.com\/blog\/wp-json\/wp\/v2\/tags?post=224"}],"curies":[{"name":"wp","href":"https:\/\/api.w.org\/{rel}","templated":true}]}}